{"id":353,"date":"2016-04-03T11:51:12","date_gmt":"2016-04-03T11:51:12","guid":{"rendered":"http:\/\/alessiaarena.com\/wordpress\/?p=353"},"modified":"2016-04-25T17:46:00","modified_gmt":"2016-04-25T17:46:00","slug":"cantabestiario_ass-mesotonica-prato","status":"publish","type":"post","link":"https:\/\/alessiaarena.com\/wordpress\/?p=353","title":{"rendered":"#CantaBestiario_Ass. Mesotonica Prato"},"content":{"rendered":"<p>Molte le novit\u00e0 della settimana, ma forse la pi\u00f9 importante per me \u00e8 che CantaBestiario sta per salpare nuovamente, in una nuova veste per voce e pianoforte.<br \/>\nMi troverete al timone della nave insieme a Daniele Biagini.<br \/>\nProssimo lido di approdo sar\u00e0 Mesotonica, luogo di creativit\u00e0 e fermento che condivido con Giovanna, Fede ed Ila.<\/p>\n<p>Vi aspetto, domenica 17:30, in via Muzzi 36, Prato<i>\ud83d\ude42<\/i><\/p>\n<div class=\"text_exposed_show\">\n<p>Partir\u00e0 la nave, partir\u00e0&#8230;<\/p>\n<p><a href=\"http:\/\/alessiaarena.com\/wordpress\/wp-content\/uploads\/2016\/04\/cantabestiario.fb_.png\"><img loading=\"lazy\" decoding=\"async\" class=\"alignnone size-medium wp-image-354\" src=\"http:\/\/alessiaarena.com\/wordpress\/wp-content\/uploads\/2016\/04\/cantabestiario.fb_-300x111.png\" alt=\"cantabestiario.fb\" width=\"300\" height=\"111\" srcset=\"https:\/\/alessiaarena.com\/wordpress\/wp-content\/uploads\/2016\/04\/cantabestiario.fb_-300x111.png 300w, https:\/\/alessiaarena.com\/wordpress\/wp-content\/uploads\/2016\/04\/cantabestiario.fb_-650x242.png 650w, https:\/\/alessiaarena.com\/wordpress\/wp-content\/uploads\/2016\/04\/cantabestiario.fb_.png 665w\" sizes=\"(max-width: 300px) 100vw, 300px\" \/><\/a><\/p>\n<\/div>\n","protected":false},"excerpt":{"rendered":"<p>Molte le novit\u00e0 della settimana, ma forse la pi\u00f9 importante per me \u00e8 che CantaBestiario sta per salpare nuovamente, in una nuova veste per voce e pianoforte. Mi troverete al timone della nave insieme a Daniele Biagini. Prossimo lido di approdo sar\u00e0 Mesotonica, luogo di creativit\u00e0 e fermento che condivido con Giovanna, Fede ed Ila. [&hellip;]<\/p>\n","protected":false},"author":1,"featured_media":355,"comment_status":"open","ping_status":"open","sticky":false,"template":"","format":"standard","meta":{"footnotes":""},"categories":[23,3,20],"tags":[],"_links":{"self":[{"href":"https:\/\/alessiaarena.com\/wordpress\/index.php?rest_route=\/wp\/v2\/posts\/353"}],"collection":[{"href":"https:\/\/alessiaarena.com\/wordpress\/index.php?rest_route=\/wp\/v2\/posts"}],"about":[{"href":"https:\/\/alessiaarena.com\/wordpress\/index.php?rest_route=\/wp\/v2\/types\/post"}],"author":[{"embeddable":true,"href":"https:\/\/alessiaarena.com\/wordpress\/index.php?rest_route=\/wp\/v2\/users\/1"}],"replies":[{"embeddable":true,"href":"https:\/\/alessiaarena.com\/wordpress\/index.php?rest_route=%2Fwp%2Fv2%2Fcomments&post=353"}],"version-history":[{"count":2,"href":"https:\/\/alessiaarena.com\/wordpress\/index.php?rest_route=\/wp\/v2\/posts\/353\/revisions"}],"predecessor-version":[{"id":357,"href":"https:\/\/alessiaarena.com\/wordpress\/index.php?rest_route=\/wp\/v2\/posts\/353\/revisions\/357"}],"wp:featuredmedia":[{"embeddable":true,"href":"https:\/\/alessiaarena.com\/wordpress\/index.php?rest_route=\/wp\/v2\/media\/355"}],"wp:attachment":[{"href":"https:\/\/alessiaarena.com\/wordpress\/index.php?rest_route=%2Fwp%2Fv2%2Fmedia&parent=353"}],"wp:term":[{"taxonomy":"category","embeddable":true,"href":"https:\/\/alessiaarena.com\/wordpress\/index.php?rest_route=%2Fwp%2Fv2%2Fcategories&post=353"},{"taxonomy":"post_tag","embeddable":true,"href":"https:\/\/alessiaarena.com\/wordpress\/index.php?rest_route=%2Fwp%2Fv2%2Ftags&post=353"}],"curies":[{"name":"wp","href":"https:\/\/api.w.org\/{rel}","templated":true}]}}