{"id":196,"date":"2015-04-05T17:38:50","date_gmt":"2015-04-05T17:38:50","guid":{"rendered":"http:\/\/alessiaarena.com\/wordpress\/?p=196"},"modified":"2015-04-13T09:39:51","modified_gmt":"2015-04-13T09:39:51","slug":"ssl_2015-la-lunga-notte-di-ferla-pasqua","status":"publish","type":"post","link":"https:\/\/alessiaarena.com\/wordpress\/?p=196","title":{"rendered":"SSL_2015 La lunga notte di Ferla: Pasqua!"},"content":{"rendered":"<p><span style=\"text-decoration: underline;\"><span style=\"color: #0066cc;\">#\u200e<\/span><span style=\"color: #0066cc;\"><span class=\"_58cm\">SSL_\u202c<\/span><br \/>\n<\/span><\/span><a class=\"_58cn\" href=\"https:\/\/www.facebook.com\/hashtag\/siciliansoundlandscape?source=feed_text&amp;story_id=441292062703464\" data-ft=\"{&quot;tn&quot;:&quot;*N&quot;,&quot;type&quot;:104}\"><span class=\"_58cl\">\u202a#\u200e<\/span><span class=\"_58cm\">SicilianSoundLandscape\u202c<\/span><\/a> 2015<br \/>\nLa lunga notte di Ferla<\/p>\n<p>La Pasqua in Sicilia \u00e8 Ferla, paese a pochi km da Palazzolo Acreide!<\/p>\n<p><span class=\"text_exposed_hide\">&#8230;<\/span><\/p>\n<div class=\"text_exposed_show\">\n<p>Difficile raccontare questa notte di veglie e processioni, ma una cosa \u00e8 certa..! non potr\u00f2 pi\u00f9 cantare musica siciliana allo stesso modo.<\/p>\n<p>Anche questa volta sono stata traghettata da nuovi Virgilio in una veglia che \u00e8 iniziata alle 20:30 e si \u00e8 conclusa alle 7:30 (almeno per me): grazie a Oddo, Michelangelo, Rita e Floriana che mi hanno consentito di vivere questa esperienza unica non come turista ma come membro della comunit\u00e0 (ecco il senso svelato di una residenza artistica).<\/p>\n<p>Ho prima seguito la Madonna in processione per tutto il paese per qualche ora, gridando ai portantini per sostenerli nella fatica lungo le 3 salite; ho poi corso io stessa lungo la salita del corso dietro alla statua di Ges\u00f9 battendo la sciaccara (fascina di liami, ovvero arbusti) in fiamme per terra; ho ascoltato la banda che ci accompagnato in questo cammino processionale; ho suonato la campana di San Sebastiano alle 3 del mattino alternandomi con i giovani del paese perch\u00e8 l&#8217;usanza vuole che le campane suonino tutta la notte fino alle 4:30, momento poi della messa; ho seguito la Madonna nel suo secondo cammino ormai all&#8217;albeggiare aspettando che il raggio di sole la baciasse l\u00e0 dove stabilito ormai da 150 anni, segno di buono auspicio; ho infine alle 12 spaccate assistito allo U Scuntru di Ges\u00f9 risorto e la Madonna e ho poi gridato &#8220;e che semu tutti muti? Viva Ges\u00f9 Maria&#8221;&#8230;per non dimenticare i fuochi di artificio ogni 4 ore, ed il concerto di Alfio Antico unito ai numerosi brindisi, caff\u00e8 e brioche!<\/p>\n<p>Il momento pi\u00f9 bello? suonare le campane.<\/p>\n<\/div>\n","protected":false},"excerpt":{"rendered":"<p>#\u200eSSL_\u202c \u202a#\u200eSicilianSoundLandscape\u202c 2015 La lunga notte di Ferla La Pasqua in Sicilia \u00e8 Ferla, paese a pochi km da Palazzolo Acreide! &#8230; Difficile raccontare questa notte di veglie e processioni, ma una cosa \u00e8 certa..! non potr\u00f2 pi\u00f9 cantare musica siciliana allo stesso modo. Anche questa volta sono stata traghettata da nuovi Virgilio in una [&hellip;]<\/p>\n","protected":false},"author":1,"featured_media":0,"comment_status":"open","ping_status":"open","sticky":false,"template":"","format":"standard","meta":{"footnotes":""},"categories":[22],"tags":[],"_links":{"self":[{"href":"https:\/\/alessiaarena.com\/wordpress\/index.php?rest_route=\/wp\/v2\/posts\/196"}],"collection":[{"href":"https:\/\/alessiaarena.com\/wordpress\/index.php?rest_route=\/wp\/v2\/posts"}],"about":[{"href":"https:\/\/alessiaarena.com\/wordpress\/index.php?rest_route=\/wp\/v2\/types\/post"}],"author":[{"embeddable":true,"href":"https:\/\/alessiaarena.com\/wordpress\/index.php?rest_route=\/wp\/v2\/users\/1"}],"replies":[{"embeddable":true,"href":"https:\/\/alessiaarena.com\/wordpress\/index.php?rest_route=%2Fwp%2Fv2%2Fcomments&post=196"}],"version-history":[{"count":1,"href":"https:\/\/alessiaarena.com\/wordpress\/index.php?rest_route=\/wp\/v2\/posts\/196\/revisions"}],"predecessor-version":[{"id":197,"href":"https:\/\/alessiaarena.com\/wordpress\/index.php?rest_route=\/wp\/v2\/posts\/196\/revisions\/197"}],"wp:attachment":[{"href":"https:\/\/alessiaarena.com\/wordpress\/index.php?rest_route=%2Fwp%2Fv2%2Fmedia&parent=196"}],"wp:term":[{"taxonomy":"category","embeddable":true,"href":"https:\/\/alessiaarena.com\/wordpress\/index.php?rest_route=%2Fwp%2Fv2%2Fcategories&post=196"},{"taxonomy":"post_tag","embeddable":true,"href":"https:\/\/alessiaarena.com\/wordpress\/index.php?rest_route=%2Fwp%2Fv2%2Ftags&post=196"}],"curies":[{"name":"wp","href":"https:\/\/api.w.org\/{rel}","templated":true}]}}