{"id":154,"date":"2015-02-24T13:54:43","date_gmt":"2015-02-24T13:54:43","guid":{"rendered":"http:\/\/alessiaarena.com\/wordpress\/?p=154"},"modified":"2015-02-24T13:54:43","modified_gmt":"2015-02-24T13:54:43","slug":"nellamiavaligia5_leo-ferre","status":"publish","type":"post","link":"https:\/\/alessiaarena.com\/wordpress\/?p=154","title":{"rendered":"#nellamiavaligia5_Leo Ferr\u00e9"},"content":{"rendered":"<p><strong><\/strong><\/p>\n<p>Dedicato a Marco, il mio sconosciuto incontrato in un giorno di inverno ricordando insieme Ferr\u00e9, 5 dicembre 2013.<\/p>\n<p>Non vi \u00e8 follia n\u00e9 normalit\u00e0 con Leo Ferr\u00e9 (1916-93), poeta del 900 simile ad una divinit\u00e0 greca vate del nostro tempo.<\/p>\n<p>Era un giorno del 1960 in Bretagna quando Leo, che viveva l\u00ec con la moglie Madaleine, incontr\u00f2 P\u00e9p\u00e9e e si innamor\u00f2 di lei come un padre della propria figlia, la port\u00f2 in casa sua, la accud\u00ec, la mise alla sua tavola, e la sera, prima di mettergli il pigiama, le dava il th\u00e8.<\/p>\n<p>Il 7 aprile del 1968 Le\u00f2 non era in casa, cosa sia successo quel giorno in quel bosco nessuno lo seppe mai, ma quando Leo rientr\u00f2 P\u00e9p\u00e9e era morto, un guardiacaccia infatti gli aveva sparato in testa, ma forse il vero assassino fu il rapporto ormai logoro e rancoroso con la moglie e la sua vendetta. Quel giorno mor\u00ec P\u00e9p\u00e9e una scimpanz\u00e9, che con le \u201csue mani come due racchette, le sue orecchie a sventola e i suoi occhi come due lanterne\u201d era per Leo semplicemente un \u201cFerr\u00e9\u201d.<\/p>\n<p><strong>\u00a0<\/strong><\/p>\n<p>Il tuo cuore come quei tamburi<\/p>\n<p>P\u00e9p\u00e9e<\/p>\n<p>Che tacciono il venerd\u00ec santo<\/p>\n<p>Verso le tre pomeridiane<\/p>\n<p>Quando un Ges\u00f9 spegne soffiando<\/p>\n<p>Le sue trentadue candeline<\/p>\n<p>E tu ne avevi solo otto<\/p>\n<p>il sette aprile sessantotto<\/p>\n<p>P\u00e9p\u00e9e<\/p>\n<p>&nbsp;<\/p>\n<p>&nbsp;<\/p>\n<p>&nbsp;<\/p>\n","protected":false},"excerpt":{"rendered":"<p>Dedicato a Marco, il mio sconosciuto incontrato in un giorno di inverno ricordando insieme Ferr\u00e9, 5 dicembre 2013. Non vi \u00e8 follia n\u00e9 normalit\u00e0 con Leo Ferr\u00e9 (1916-93), poeta del 900 simile ad una divinit\u00e0 greca vate del nostro tempo. Era un giorno del 1960 in Bretagna quando Leo, che viveva l\u00ec con la moglie [&hellip;]<\/p>\n","protected":false},"author":1,"featured_media":119,"comment_status":"open","ping_status":"open","sticky":false,"template":"","format":"standard","meta":{"footnotes":""},"categories":[19],"tags":[],"_links":{"self":[{"href":"https:\/\/alessiaarena.com\/wordpress\/index.php?rest_route=\/wp\/v2\/posts\/154"}],"collection":[{"href":"https:\/\/alessiaarena.com\/wordpress\/index.php?rest_route=\/wp\/v2\/posts"}],"about":[{"href":"https:\/\/alessiaarena.com\/wordpress\/index.php?rest_route=\/wp\/v2\/types\/post"}],"author":[{"embeddable":true,"href":"https:\/\/alessiaarena.com\/wordpress\/index.php?rest_route=\/wp\/v2\/users\/1"}],"replies":[{"embeddable":true,"href":"https:\/\/alessiaarena.com\/wordpress\/index.php?rest_route=%2Fwp%2Fv2%2Fcomments&post=154"}],"version-history":[{"count":1,"href":"https:\/\/alessiaarena.com\/wordpress\/index.php?rest_route=\/wp\/v2\/posts\/154\/revisions"}],"predecessor-version":[{"id":155,"href":"https:\/\/alessiaarena.com\/wordpress\/index.php?rest_route=\/wp\/v2\/posts\/154\/revisions\/155"}],"wp:featuredmedia":[{"embeddable":true,"href":"https:\/\/alessiaarena.com\/wordpress\/index.php?rest_route=\/wp\/v2\/media\/119"}],"wp:attachment":[{"href":"https:\/\/alessiaarena.com\/wordpress\/index.php?rest_route=%2Fwp%2Fv2%2Fmedia&parent=154"}],"wp:term":[{"taxonomy":"category","embeddable":true,"href":"https:\/\/alessiaarena.com\/wordpress\/index.php?rest_route=%2Fwp%2Fv2%2Fcategories&post=154"},{"taxonomy":"post_tag","embeddable":true,"href":"https:\/\/alessiaarena.com\/wordpress\/index.php?rest_route=%2Fwp%2Fv2%2Ftags&post=154"}],"curies":[{"name":"wp","href":"https:\/\/api.w.org\/{rel}","templated":true}]}}