{"id":127,"date":"2015-01-25T14:12:32","date_gmt":"2015-01-25T14:12:32","guid":{"rendered":"http:\/\/alessiaarena.com\/wordpress\/?p=127"},"modified":"2015-01-25T14:17:37","modified_gmt":"2015-01-25T14:17:37","slug":"a-piedi-nudi_13-febbario-2015","status":"publish","type":"post","link":"https:\/\/alessiaarena.com\/wordpress\/?p=127","title":{"rendered":"A Piedi Nudi_13 febbario 2015"},"content":{"rendered":"<div id=\"id_54c4eabb3eb802a03119587\" class=\"text_exposed_root text_exposed\">\n<p>Finalmente ci siamo&#8230;.<\/p>\n<p>Venerd\u00ec 13 febbraio alla libreria Todo Modo si terr\u00e0 la presentazione del progetto culturale &#8220;A Piedi Nudi&#8221;: un omaggio Rosa Balestrieri, la pi\u00f9 grande interprete di musica popolare siciliana.<\/p>\n<p>A questo incontro concerto\u00a0nel 2015 seguiranno numerose iniziative tra cui concerti, lezioni-dibattiti e persino una giornata di studi presso il Conservatorio Cherubini di Firenze (19 settembre).<br \/>\nIl progetto culturale \u00e8 curato dalla sottoscritta e dall&#8217;associazione Giotto in Musica per celebrare l&#8217;anniversario dei 25 anni dalla morte di Rosa Balistreri, e realizzato dal Duo Ammatte.<\/p>\n<div class=\"text_exposed_show\">\n<p>Vi aspetto!<\/p>\n<p>Alessia<\/p>\n<p>Per maggiori dettagli sull&#8217;iniziativa : <a href=\"Per maggiori dettagli sull'iniziativa : https:\/\/www.facebook.com\/events\/1588461758034834\/\">https:\/\/www.facebook.com\/events\/1588461758034834\/<\/a><\/p>\n<p>p.s. chi sar\u00e0 mai la prossima protagonista della rubrica <a class=\"_58cn\" href=\"https:\/\/www.facebook.com\/hashtag\/nellamiavaligia?source=feed_text&amp;story_id=10205177670537045\" data-ft=\"{&quot;tn&quot;:&quot;*N&quot;,&quot;type&quot;:104}\"><span class=\"_58cl\">\u202a#\u200e<\/span><span class=\"_58cm\">nellamiavaligia\u202c<\/span><\/a> :)?<\/p>\n<\/div>\n<\/div>\n","protected":false},"excerpt":{"rendered":"<p>Finalmente ci siamo&#8230;. Venerd\u00ec 13 febbraio alla libreria Todo Modo si terr\u00e0 la presentazione del progetto culturale &#8220;A Piedi Nudi&#8221;: un omaggio Rosa Balestrieri, la pi\u00f9 grande interprete di musica popolare siciliana. A questo incontro concerto\u00a0nel 2015 seguiranno numerose iniziative tra cui concerti, lezioni-dibattiti e persino una giornata di studi presso il Conservatorio Cherubini di [&hellip;]<\/p>\n","protected":false},"author":1,"featured_media":128,"comment_status":"open","ping_status":"open","sticky":false,"template":"","format":"standard","meta":{"footnotes":""},"categories":[11,3],"tags":[],"_links":{"self":[{"href":"https:\/\/alessiaarena.com\/wordpress\/index.php?rest_route=\/wp\/v2\/posts\/127"}],"collection":[{"href":"https:\/\/alessiaarena.com\/wordpress\/index.php?rest_route=\/wp\/v2\/posts"}],"about":[{"href":"https:\/\/alessiaarena.com\/wordpress\/index.php?rest_route=\/wp\/v2\/types\/post"}],"author":[{"embeddable":true,"href":"https:\/\/alessiaarena.com\/wordpress\/index.php?rest_route=\/wp\/v2\/users\/1"}],"replies":[{"embeddable":true,"href":"https:\/\/alessiaarena.com\/wordpress\/index.php?rest_route=%2Fwp%2Fv2%2Fcomments&post=127"}],"version-history":[{"count":3,"href":"https:\/\/alessiaarena.com\/wordpress\/index.php?rest_route=\/wp\/v2\/posts\/127\/revisions"}],"predecessor-version":[{"id":131,"href":"https:\/\/alessiaarena.com\/wordpress\/index.php?rest_route=\/wp\/v2\/posts\/127\/revisions\/131"}],"wp:featuredmedia":[{"embeddable":true,"href":"https:\/\/alessiaarena.com\/wordpress\/index.php?rest_route=\/wp\/v2\/media\/128"}],"wp:attachment":[{"href":"https:\/\/alessiaarena.com\/wordpress\/index.php?rest_route=%2Fwp%2Fv2%2Fmedia&parent=127"}],"wp:term":[{"taxonomy":"category","embeddable":true,"href":"https:\/\/alessiaarena.com\/wordpress\/index.php?rest_route=%2Fwp%2Fv2%2Fcategories&post=127"},{"taxonomy":"post_tag","embeddable":true,"href":"https:\/\/alessiaarena.com\/wordpress\/index.php?rest_route=%2Fwp%2Fv2%2Ftags&post=127"}],"curies":[{"name":"wp","href":"https:\/\/api.w.org\/{rel}","templated":true}]}}