{"id":101,"date":"2015-01-07T22:05:50","date_gmt":"2015-01-07T22:05:50","guid":{"rendered":"http:\/\/alessiaarena.com\/wordpress\/?p=101"},"modified":"2015-01-09T00:23:59","modified_gmt":"2015-01-09T00:23:59","slug":"2015-parto-con-la-mi-valigia-nellamiavaligia","status":"publish","type":"post","link":"https:\/\/alessiaarena.com\/wordpress\/?p=101","title":{"rendered":"2015&#8230;parto con la mi valigia! #nellamiavaligia"},"content":{"rendered":"<div id=\"id_54ad9e3e306014a90811603\" class=\"text_exposed_root text_exposed\">Vi sono momenti della vita in cui insorge come una rivoluzione il desiderio e il piacere di raccontare.<br \/>\nRaccontare quello che ci accade, chi siamo, i nostri progetti o le nostre ispirazioni.Ebbene, questo momento \u00e8 giunto anche per me!<br \/>\nDa<span class=\"text_exposed_hide\">&#8230;<\/span><span class=\"text_exposed_show\"> quest&#8217;oggi, se lo vorrete, potrete seguire la mia attivit\u00e0 attraverso il mio blog, nonch\u00e9 la mia pagina facebook, che insieme al mio blog diventer\u00e0 il mio principale canale di comunicazione.<\/span><\/p>\n<p>Da luned\u00ec 12 gennaio partir\u00e0 anche un nuovo format dal titolo <a class=\"_58cn\" href=\"https:\/\/www.facebook.com\/hashtag\/nellamiavaligia\" data-ft=\"{&quot;tn&quot;:&quot;*N&quot;,&quot;type&quot;:104}\">#nellamiavaligia<\/a>; un personale racconto dei personaggi musicali che ho portato e porto con me, nelle mie orecchie, nel mio cuore, nella mia musica, e che mi hanno formato quando ancora io non lo sapevo (beata giovent\u00f9 che tutto assorbe e ricrea!)<\/p>\n<\/div>\n<div class=\"text_exposed_root text_exposed\"><span class=\"text_exposed_show\"><span class=\"text_exposed_show\"><br \/>\nCome si fa a salire a bordo?\u00a0\u00a0Semplice, tornate qui a trovarmi ed intanto\u00a0cliccate mi piace sulla pagina Alessia Arena cantattrice -&gt;<br \/>\n<a href=\"https:\/\/www.facebook.com\/alessiaarenacantattrice\" rel=\"nofollow\">https:\/\/www.facebook.com\/alessiaarenacantattrice<\/a><\/span><\/span>benvenuti!<\/p>\n<p><a class=\"_58cn\" href=\"https:\/\/www.facebook.com\/hashtag\/alessiaarena\" data-ft=\"{&quot;tn&quot;:&quot;*N&quot;,&quot;type&quot;:104}\">#alessiaarena<\/a> <a class=\"_58cn\" href=\"https:\/\/www.facebook.com\/hashtag\/cantattrice\" data-ft=\"{&quot;tn&quot;:&quot;*N&quot;,&quot;type&quot;:104}\">#cantattrice<\/a> #nellamiavaligia<\/p>\n<\/div>\n<p>&nbsp;<\/p>\n","protected":false},"excerpt":{"rendered":"<p>Vi sono momenti della vita in cui insorge come una rivoluzione il desiderio e il piacere di raccontare. Raccontare quello che ci accade, chi siamo, i nostri progetti o le nostre ispirazioni.Ebbene, questo momento \u00e8 giunto anche per me! Da&#8230; quest&#8217;oggi, se lo vorrete, potrete seguire la mia attivit\u00e0 attraverso il mio blog, nonch\u00e9 la [&hellip;]<\/p>\n","protected":false},"author":1,"featured_media":67,"comment_status":"open","ping_status":"open","sticky":false,"template":"","format":"standard","meta":{"footnotes":""},"categories":[1],"tags":[],"_links":{"self":[{"href":"https:\/\/alessiaarena.com\/wordpress\/index.php?rest_route=\/wp\/v2\/posts\/101"}],"collection":[{"href":"https:\/\/alessiaarena.com\/wordpress\/index.php?rest_route=\/wp\/v2\/posts"}],"about":[{"href":"https:\/\/alessiaarena.com\/wordpress\/index.php?rest_route=\/wp\/v2\/types\/post"}],"author":[{"embeddable":true,"href":"https:\/\/alessiaarena.com\/wordpress\/index.php?rest_route=\/wp\/v2\/users\/1"}],"replies":[{"embeddable":true,"href":"https:\/\/alessiaarena.com\/wordpress\/index.php?rest_route=%2Fwp%2Fv2%2Fcomments&post=101"}],"version-history":[{"count":3,"href":"https:\/\/alessiaarena.com\/wordpress\/index.php?rest_route=\/wp\/v2\/posts\/101\/revisions"}],"predecessor-version":[{"id":115,"href":"https:\/\/alessiaarena.com\/wordpress\/index.php?rest_route=\/wp\/v2\/posts\/101\/revisions\/115"}],"wp:featuredmedia":[{"embeddable":true,"href":"https:\/\/alessiaarena.com\/wordpress\/index.php?rest_route=\/wp\/v2\/media\/67"}],"wp:attachment":[{"href":"https:\/\/alessiaarena.com\/wordpress\/index.php?rest_route=%2Fwp%2Fv2%2Fmedia&parent=101"}],"wp:term":[{"taxonomy":"category","embeddable":true,"href":"https:\/\/alessiaarena.com\/wordpress\/index.php?rest_route=%2Fwp%2Fv2%2Fcategories&post=101"},{"taxonomy":"post_tag","embeddable":true,"href":"https:\/\/alessiaarena.com\/wordpress\/index.php?rest_route=%2Fwp%2Fv2%2Ftags&post=101"}],"curies":[{"name":"wp","href":"https:\/\/api.w.org\/{rel}","templated":true}]}}